{"id":13765,"date":"2025-12-17T12:04:17","date_gmt":"2025-12-17T12:04:17","guid":{"rendered":"https:\/\/fmdelsol.com.ar\/?p=13765"},"modified":"2025-12-17T12:04:17","modified_gmt":"2025-12-17T12:04:17","slug":"tragico-incendio-en-un-geriatrico-deja-cuatro-muertos-y-varios-heridos","status":"publish","type":"post","link":"https:\/\/fmdelsol.com.ar\/tragico-incendio-en-un-geriatrico-deja-cuatro-muertos-y-varios-heridos\/","title":{"rendered":"Tr\u00e1gico incendio en un geri\u00e1trico deja cuatro muertos y varios heridos"},"content":{"rendered":"<div>\n<p>Un tr\u00e1gico incendio se desat\u00f3 esta madrugada en un geri\u00e1trico del centro de la ciudad que dej\u00f3 un saldo transitorio de 4 muertos y varios heridos.<\/p>\n<p>Dotaciones de bomberos de distintas dependencias y ambulancias del SAME asistieron al lugar para socorrer a las v\u00edctimas, mientras que al menos 12 polic\u00edas debieron ser trasladados al Hospital Privado de Comunidad por intoxicaci\u00f3n producto del humo inhalado. Precisamente la labor de polic\u00edas y bomberos fue encomiable para poder rescatar a residentes y empleados del lugar.<\/p>\n<p>Seg\u00fan fuentes oficiales el incendio se registr\u00f3 en el geri\u00e1trico Sagrada Familia ubicado en Jujuy al 1100 por causas que se desconocen. De acuerdo a informaci\u00f3n confirmada en el lugar, tres de los decesos se produjeron en el mismo establecimiento mientras que la otra v\u00edctima fatal falleci\u00f3 en un hospital poco despu\u00e9s de ser trasladada.\u00a0Las personas fallecidas son cuatro mujeres que se encontraban alojadas all\u00ed y que fueron identificadas como Teresa Caporaleti (95), Beatriz M\u00e9ndez (95), Mar\u00eda V\u00e1squez (80) e Ines Golman (79).<\/p>\n<p>Desde el Departamento Central de Bomberos se inform\u00f3 que el incendio se habr\u00eda originado en el segundo piso del geri\u00e1trico que contaba con 27 habitaciones y al ingresar a sofocar las llamas se constat\u00f3 que estaba\u00a0declarado en la habitaci\u00f3n N\u00b012. ahumamiento generalizado en todo el edificio, carbonizaci\u00f3n, con termo fracturas en las habitaciones N\u00b012, N\u00b011 y N\u00b010.<\/p>\n<p><img loading=\"lazy\" decoding=\"async\" class=\"alignnone wp-image-1056186 size-large\" src=\"https:\/\/storage.lacapitalmdp.com\/2025\/12\/tragico-1-1024x771.jpg\" alt=\"tragico\" width=\"1024\" height=\"771\" srcset=\"https:\/\/storage.lacapitalmdp.com\/2025\/12\/tragico-1-1024x771.jpg 1024w, https:\/\/storage.lacapitalmdp.com\/2025\/12\/tragico-1-300x410.jpg 300w, https:\/\/storage.lacapitalmdp.com\/2025\/12\/tragico-1-360x270.jpg 360w, https:\/\/storage.lacapitalmdp.com\/2025\/12\/tragico-1.jpg 1600w\" sizes=\"auto, (max-width: 1024px) 100vw, 1024px\"><\/p>\n<p>\u00a0<\/p>\n<\/div>\n","protected":false},"excerpt":{"rendered":"<div>Un tr\u00e1gico incendio se desat\u00f3 esta madrugada en un geri\u00e1trico del centro de la ciudad que dej\u00f3 un saldo transitorio de 4 muertos y varios heridos. Dotaciones de bomberos de distintas dependencias y ambulancias del SAME asistieron al lugar para socorrer a las v\u00edctimas, mientras que al menos 12 polic\u00edas debieron ser trasladados al Hospital [\u2026]<\/div>\n","protected":false},"author":3,"featured_media":13766,"comment_status":"closed","ping_status":"closed","sticky":false,"template":"","format":"image","meta":{"pagelayer_contact_templates":[],"_pagelayer_content":"","fifu_image_url":"https:\/\/storage.lacapitalmdp.com\/2025\/12\/tragico-1-1024x771.jpg","fifu_image_alt":"Tr\u00e1gico incendio en un geri\u00e1trico deja cuatro muertos y varios heridos","footnotes":""},"categories":[12],"tags":[],"class_list":["post-13765","post","type-post","status-publish","format-image","has-post-thumbnail","hentry","category-sociedad","post_format-post-format-image"],"_links":{"self":[{"href":"https:\/\/fmdelsol.com.ar\/wp-json\/wp\/v2\/posts\/13765","targetHints":{"allow":["GET"]}}],"collection":[{"href":"https:\/\/fmdelsol.com.ar\/wp-json\/wp\/v2\/posts"}],"about":[{"href":"https:\/\/fmdelsol.com.ar\/wp-json\/wp\/v2\/types\/post"}],"author":[{"embeddable":true,"href":"https:\/\/fmdelsol.com.ar\/wp-json\/wp\/v2\/users\/3"}],"replies":[{"embeddable":true,"href":"https:\/\/fmdelsol.com.ar\/wp-json\/wp\/v2\/comments?post=13765"}],"version-history":[{"count":0,"href":"https:\/\/fmdelsol.com.ar\/wp-json\/wp\/v2\/posts\/13765\/revisions"}],"wp:featuredmedia":[{"embeddable":true,"href":"https:\/\/fmdelsol.com.ar\/wp-json\/wp\/v2\/media\/13766"}],"wp:attachment":[{"href":"https:\/\/fmdelsol.com.ar\/wp-json\/wp\/v2\/media?parent=13765"}],"wp:term":[{"taxonomy":"category","embeddable":true,"href":"https:\/\/fmdelsol.com.ar\/wp-json\/wp\/v2\/categories?post=13765"},{"taxonomy":"post_tag","embeddable":true,"href":"https:\/\/fmdelsol.com.ar\/wp-json\/wp\/v2\/tags?post=13765"}],"curies":[{"name":"wp","href":"https:\/\/api.w.org\/{rel}","templated":true}]}}